{"id":2832,"date":"2023-10-02T14:23:23","date_gmt":"2023-10-02T12:23:23","guid":{"rendered":"https:\/\/asso-annepierjean.fr\/?p=2832"},"modified":"2023-10-02T14:24:07","modified_gmt":"2023-10-02T12:24:07","slug":"edito-de-octobre-2023","status":"publish","type":"post","link":"https:\/\/asso-annepierjean.fr\/?p=2832","title":{"rendered":"Edito de Octobre 2023"},"content":{"rendered":"<p style=\"font-weight: 400;\"><span style=\"color: #0000ff;\">Un mois de septembre en f\u00eate(s) s\u2019ach\u00e8ve.<br \/>\n<\/span><span style=\"color: #0000ff;\">Cl\u00f4ture de l\u2019\u00e9t\u00e9, f\u00eates des anniversaires et de La Bastelle, que j\u2019occupe maintenant depuis 7 ans, o\u00f9 l\u2019association a vu le jour et o\u00f9 les souvenirs s\u2019\u00e9l\u00e8vent, voltigent, creusent leurs sillons de tendresse et d\u2019\u00e9motions au fil des jours pass\u00e9s et, tout ensemble, tendus vers l\u2019\u00e0 venir\u2026<\/span><\/p>\n<p style=\"font-weight: 400;\"><span style=\"color: #0000ff;\">Une lecture de \u00ab Si je regarde par-dessus l\u2019\u00e9paule de ma vie \u00bb \u00e0 la librairie Escapade(s), le 28, a repli\u00e9 le mois sur son calendrier de jours lumineux comme on roule un tissu\u2026 ce tissu de septembre fut chatoyant, l\u2019intensit\u00e9 des ciels, chaque ann\u00e9e retrouv\u00e9e \u00e0 cette p\u00e9riode o\u00f9 les crocus sont au rendez-vous des premi\u00e8res gouttes de pluie, gourmands sans doute, aussi, des ros\u00e9es revenues par la fra\u00eecheur des nuits\u2026 Et l\u2019intensit\u00e9 parall\u00e8le de la p\u00e9riode de rentr\u00e9e qui officie tous azimuts.<\/span><\/p>\n<p style=\"font-weight: 400;\"><span style=\"color: #0000ff;\">Il y a du cru dans l\u2019air et dans le soleil, plus incisifs\u2026 comme un air de montagne o\u00f9 on respire mieux.<\/span><\/p>\n<p style=\"font-weight: 400;\"><span style=\"color: #0000ff;\">Nous avons d\u00e9cid\u00e9 de repousser le Rendez-vous de La Bastelle au 21 d\u2019octobre car le 21 de septembre \u00e9tait trop \u00e9troitement enclos entre deux f\u00eates !<\/span><\/p>\n<p style=\"font-weight: 400;\"><span style=\"color: #0000ff;\">Ce sera donc, comme d\u2019habitude, \u00e0 18 H, pour \u00e9changer nos extraits de lectures aim\u00e9es\u00a0: passages de livres d\u2019Anne Pierjean, toujours, mais aussi retrouvailles de rentr\u00e9e, \u00e9changes d\u2019impressions, pointillisme de nos d\u00e9couvertes \u2026 car, c\u2019est chaque fois, l\u2019occasion de (re)trouver des textes moins souvent mis \u00e0 l\u2019honneur dans les 36 romans publi\u00e9s\u00a0par l\u2019auteure !<\/span><\/p>\n<p style=\"font-weight: 400;\"><span style=\"color: #0000ff;\">Ainsi, avons-nous \u00e9t\u00e9 ravis de (re)lire \u00ab\u00a0un \u00e9pouvantail pour Cathie et Marc\u00a0\u00bb, \u00ab\u00a0Belle et Toni de nulle-part\u00a0\u00bb, \u00ab\u00a0Judith et l\u2019ey-vive\u00a0\u00bb ou \u00ab\u00a0\u00e9cume\u00a0\u00bb de \u00ab\u00a0l\u2019instant exact\u00a0\u00bb\u2026 chaque participant nous emportant avec enthousiasme dans ses joies et surprises de lecteur.<\/span><\/p>\n<p style=\"font-weight: 400;\"><span style=\"color: #0000ff;\">On trouve les livres d\u2019Anne Pierjean \u00e0 la m\u00e9diath\u00e8que de Crest, sur les sites de livres d\u2019occasion, et dans les vide-greniers dont fourmille l\u2019\u00e9t\u00e9 !<\/span><\/p>\n<p style=\"font-weight: 400;\"><span style=\"color: #0000ff;\">En octobre reparaitra aussi le recueil \u00ab Si je regarde\u2026 \u00bb, \u00e9puis\u00e9 et dont nous avons lanc\u00e9 la r\u00e9-impression.<\/span><\/p>\n<p style=\"font-weight: 400;\"><span style=\"color: #0000ff;\">L\u2019entame du mois de septembre fut marqu\u00e9e par le Forum des Associations de Crest o\u00f9 nous pla\u00e7ons chaque ann\u00e9e notre stand.<br \/>\n<\/span><span style=\"color: #0000ff;\">Il y eut, comme chaque ann\u00e9e, de nouvelles rencontres, de nouvelles personnes intrigu\u00e9es par ce que nous repr\u00e9sentons : une auteure, une \u00e9criture\u2026 un rappel de souvenirs tr\u00e8s vivants et incarn\u00e9s pour certains.<br \/>\n<\/span><span style=\"color: #0000ff;\">(cette fois, une ancienne instit de Romans se souvenait bien de l\u2019instit-auteure, souvent accueillie \u00e0 l\u2019\u00e9cole St Just\u2026 \u00e7a a \u00e9t\u00e9 un plaisir de l\u2019entendre l\u2019\u00e9voquer).<\/span><\/p>\n<p style=\"font-weight: 400;\"><span style=\"color: #0000ff;\">D\u00e9tail important, nous figurerons l\u2019an prochain dans le fascicule qui pr\u00e9sente l\u2019ensemble des associations crestoises.<\/span><\/p>\n<p style=\"font-weight: 400;\"><span style=\"color: #0000ff;\">Octobre d\u00e9marrera par une participation, le 3, \u00e0 une apr\u00e8s-midi Contes au CCAS, \u00ab Conte sur moi \u00bb : nous y lirons des extraits choisis de \u00ab Une enfance cont\u00e9e \u00bb et \u00ab Anne des Collines \u00bb, deux manuscrits in\u00e9dits mais accessibles sur le site de l\u2019association.<\/span><\/p>\n<p style=\"font-weight: 400;\"><span style=\"color: #0000ff;\">En conciliabules, plut\u00f4t que r\u00e9unions formelles de \u00ab Bureau \u00bb, nous r\u00e9ajustons nos envies de lire et partager, comme \u00e0 chaque rentr\u00e9e : nouveaux contacts, nouvelles initiatives, toujours le m\u00eame \u00e9lan de transmission d\u2019une \u00e9criture singuli\u00e8re qui, nous en sommes convaincus, traverse d\u00e9licatement le temps\u2026<\/span><\/p>\n<p style=\"font-weight: 400;\"><span style=\"color: #0000ff;\">Cette association a son pas bien particulier, tranquille, sans h\u00e2te, son esprit, aussi\u2026 pas de challenge, du plaisir ensemble, pas de forcing, de la curiosit\u00e9, de l\u2019\u00e9lan et de l\u2019intime, pas de stress, de la joie et de la conviction\u2026 Anne Pierjean s\u2019inscrit dans le temps d\u00e9di\u00e9 aux \u00e9crivains, dans le lieu et la vie d\u2019ici, l\u2019\u00e2me d\u2019une maison et l\u2019\u00e9vidence des connivences, litt\u00e9raires et simples, l\u2019amiti\u00e9 des rencontres sans cesse enrichies et renouvel\u00e9es, l\u2019ouverture\u2026<\/span><\/p>\n<p style=\"font-weight: 400;\"><span style=\"color: #0000ff;\">Au 21 octobre, au Rendez-vous de La Bastelle !<br \/>\n<\/span><span style=\"color: #0000ff;\">ou sur le site, de temps en temps, pour prendre de nos nouvelles.<\/span><\/p>\n<p>&nbsp;<\/p>\n","protected":false},"excerpt":{"rendered":"<p>Un mois de septembre en f\u00eate(s) s\u2019ach\u00e8ve. Cl\u00f4ture de l\u2019\u00e9t\u00e9, f\u00eates des anniversaires et de La Bastelle, que j\u2019occupe maintenant depuis 7 ans, o\u00f9 l\u2019association a vu le jour et o\u00f9 les souvenirs s\u2019\u00e9l\u00e8vent, voltigent, creusent leurs sillons de tendresse et d\u2019\u00e9motions au fil des jours pass\u00e9s et, tout ensemble, tendus vers l\u2019\u00e0 venir\u2026 Une &hellip; <a href=\"https:\/\/asso-annepierjean.fr\/?p=2832\" class=\"more-link\">Continuer la lecture de <span class=\"screen-reader-text\">Edito de Octobre 2023<\/span>  <span class=\"meta-nav\">&rarr;<\/span><\/a><\/p>\n","protected":false},"author":1,"featured_media":0,"comment_status":"closed","ping_status":"closed","sticky":false,"template":"","format":"standard","meta":{"footnotes":""},"categories":[12],"tags":[],"_links":{"self":[{"href":"https:\/\/asso-annepierjean.fr\/index.php?rest_route=\/wp\/v2\/posts\/2832"}],"collection":[{"href":"https:\/\/asso-annepierjean.fr\/index.php?rest_route=\/wp\/v2\/posts"}],"about":[{"href":"https:\/\/asso-annepierjean.fr\/index.php?rest_route=\/wp\/v2\/types\/post"}],"author":[{"embeddable":true,"href":"https:\/\/asso-annepierjean.fr\/index.php?rest_route=\/wp\/v2\/users\/1"}],"replies":[{"embeddable":true,"href":"https:\/\/asso-annepierjean.fr\/index.php?rest_route=%2Fwp%2Fv2%2Fcomments&post=2832"}],"version-history":[{"count":2,"href":"https:\/\/asso-annepierjean.fr\/index.php?rest_route=\/wp\/v2\/posts\/2832\/revisions"}],"predecessor-version":[{"id":2834,"href":"https:\/\/asso-annepierjean.fr\/index.php?rest_route=\/wp\/v2\/posts\/2832\/revisions\/2834"}],"wp:attachment":[{"href":"https:\/\/asso-annepierjean.fr\/index.php?rest_route=%2Fwp%2Fv2%2Fmedia&parent=2832"}],"wp:term":[{"taxonomy":"category","embeddable":true,"href":"https:\/\/asso-annepierjean.fr\/index.php?rest_route=%2Fwp%2Fv2%2Fcategories&post=2832"},{"taxonomy":"post_tag","embeddable":true,"href":"https:\/\/asso-annepierjean.fr\/index.php?rest_route=%2Fwp%2Fv2%2Ftags&post=2832"}],"curies":[{"name":"wp","href":"https:\/\/api.w.org\/{rel}","templated":true}]}}