{"id":2144,"date":"2020-07-27T16:46:52","date_gmt":"2020-07-27T14:46:52","guid":{"rendered":"http:\/\/asso-annepierjean.fr\/?p=2144"},"modified":"2020-07-27T16:53:26","modified_gmt":"2020-07-27T14:53:26","slug":"edito-juin-2020","status":"publish","type":"post","link":"https:\/\/asso-annepierjean.fr\/?p=2144","title":{"rendered":"Edito juin 2020"},"content":{"rendered":"<p><span style=\"color: #0000ff;\">Deux mois sans \u00e9crire ni \u00e9dito ni journal de confinement, alors que je pensais faire le contraire\u00a0!<\/span><\/p>\n<p><span style=\"color: #0000ff;\">Deux mois \u00e0 vivre, carpe diem, au rythme des heures, des nouvelles, des films, des lectures, des fleurissements successifs du jardin, des pens\u00e9es pour soi et pour les autres\u2026 deux mois qui ont tranch\u00e9 dans le rythme des jours, des soucis et des occupations ou pr\u00e9occupations, install\u00e9 une diff\u00e9rence, par moments infime, quasi invisible, impalpable, et par moments surr\u00e9aliste, surdimensionn\u00e9e, \u00e9norme, entre un \u00ab\u00a0avant\u00a0\u00bb et un \u00ab\u00a0apr\u00e8s\u00a0\u00bb envisag\u00e9\u2026<\/span><\/p>\n<p><span style=\"color: #0000ff;\">Au fondu-encha\u00een\u00e9 de la reprise des sorties sans d\u00e9rogation, l\u2019esprit et le corps ont mis du temps \u00e0 se rejoindre au m\u00eame pas. Le temps d\u2019un d\u00e9conditionnement progressif\u2026 sans que je parvienne vraiment \u00e0 savoir lequel, du corps et de l\u2019esprit, est en avance sur l\u2019autre.<\/span><\/p>\n<p><span style=\"color: #0000ff;\">La r\u00e9-assurance est maladroite, h\u00e9sitante. La vie semble reprendre alors qu\u2019elle n\u2019a jamais cess\u00e9. Les gestes de la vie restent constants, pourtant tout ne se remet pas en ordre comme avant.<\/span><\/p>\n<p><span style=\"color: #0000ff;\">Les projets de l\u2019association ont \u00e9t\u00e9 suspendus\u00a0: les interventions en classe, interrompues, ne pourront pas reprendre avant les vacances d\u2019\u00e9t\u00e9, les lectures pr\u00e9vues en juin, \u00e0 Crest et Allex, seront reprogamm\u00e9es, celle de septembre \u00e0 St Avit n\u2019est pas encore fix\u00e9e.<\/span><\/p>\n<p><span style=\"color: #0000ff;\">Rien ne presse. <\/span><\/p>\n<p><strong><span style=\"color: #0000ff;\"><span style=\"color: #ff0000;\">Une lecture de \u00ab\u00a0Paul et Louise\u00a0\u00bb est cependant pr\u00e9vue le 30 Ao\u00fbt, dans le jardin de La Bastelle, par la Compagnie Zazie7.<\/span>\u00a0<\/span><\/strong><\/p>\n<p><span style=\"color: #0000ff;\">L\u2019association tiendra un <strong>stand,<\/strong> cette ann\u00e9e encore, <strong>au Forum des Associations de Crest,<span style=\"color: #ff0000;\"> le 5 septembre<\/span><\/strong> et continue sa route, en conscience et r\u00e9miniscences.<\/span><\/p>\n<p><span style=\"color: #0000ff;\">\u00a0\u00a0\u00a0\u00a0\u00a0\u00a0\u00a0\u00a0\u00a0\u00a0\u00a0\u00a0\u00a0\u00a0\u00a0\u00a0\u00a0\u00a0\u00a0\u00a0\u00a0\u00a0\u00a0\u00a0\u00a0\u00a0\u00a0\u00a0\u00a0\u00a0\u00a0\u00a0\u00a0\u00a0 \u00a0\u00a0\u00a0\u00a0\u00a0\u00a0\u00a0\u00a0\u00a0\u00a0\u00a0\u00a0\u00a0\u00a0 *\u00a0\u00a0\u00a0\u00a0\u00a0\u00a0\u00a0\u00a0\u00a0\u00a0 *\u00a0\u00a0\u00a0\u00a0\u00a0\u00a0\u00a0\u00a0 *\u00a0\u00a0\u00a0\u00a0\u00a0\u00a0\u00a0\u00a0 *\u00a0\u00a0\u00a0\u00a0\u00a0\u00a0\u00a0\u00a0 *<\/span><\/p>\n<p><span style=\"color: #0000ff;\">Une citation attribu\u00e9e \u00e0 Confucius, retrouv\u00e9e dans mes notes m\u2019a fait sourire, r\u00e9cemment, et me para\u00eet tellement pertinente\u00a0:<\/span><\/p>\n<p><strong><span style=\"color: #0000ff;\">\u00ab\u00a0L&rsquo;homme a deux vies, la seconde commence lorsqu&rsquo;il s&rsquo;aper\u00e7oit qu&rsquo;il n&rsquo;en a qu&rsquo;une\u00a0\u00bb.<\/span><\/strong><\/p>\n","protected":false},"excerpt":{"rendered":"<p>Deux mois sans \u00e9crire ni \u00e9dito ni journal de confinement, alors que je pensais faire le contraire\u00a0! Deux mois \u00e0 vivre, carpe diem, au rythme des heures, des nouvelles, des films, des lectures, des fleurissements successifs du jardin, des pens\u00e9es pour soi et pour les autres\u2026 deux mois qui ont tranch\u00e9 dans le rythme des &hellip; <a href=\"https:\/\/asso-annepierjean.fr\/?p=2144\" class=\"more-link\">Continuer la lecture de <span class=\"screen-reader-text\">Edito juin 2020<\/span>  <span class=\"meta-nav\">&rarr;<\/span><\/a><\/p>\n","protected":false},"author":1,"featured_media":0,"comment_status":"closed","ping_status":"closed","sticky":false,"template":"","format":"gallery","meta":{"footnotes":""},"categories":[12],"tags":[],"_links":{"self":[{"href":"https:\/\/asso-annepierjean.fr\/index.php?rest_route=\/wp\/v2\/posts\/2144"}],"collection":[{"href":"https:\/\/asso-annepierjean.fr\/index.php?rest_route=\/wp\/v2\/posts"}],"about":[{"href":"https:\/\/asso-annepierjean.fr\/index.php?rest_route=\/wp\/v2\/types\/post"}],"author":[{"embeddable":true,"href":"https:\/\/asso-annepierjean.fr\/index.php?rest_route=\/wp\/v2\/users\/1"}],"replies":[{"embeddable":true,"href":"https:\/\/asso-annepierjean.fr\/index.php?rest_route=%2Fwp%2Fv2%2Fcomments&post=2144"}],"version-history":[{"count":2,"href":"https:\/\/asso-annepierjean.fr\/index.php?rest_route=\/wp\/v2\/posts\/2144\/revisions"}],"predecessor-version":[{"id":2149,"href":"https:\/\/asso-annepierjean.fr\/index.php?rest_route=\/wp\/v2\/posts\/2144\/revisions\/2149"}],"wp:attachment":[{"href":"https:\/\/asso-annepierjean.fr\/index.php?rest_route=%2Fwp%2Fv2%2Fmedia&parent=2144"}],"wp:term":[{"taxonomy":"category","embeddable":true,"href":"https:\/\/asso-annepierjean.fr\/index.php?rest_route=%2Fwp%2Fv2%2Fcategories&post=2144"},{"taxonomy":"post_tag","embeddable":true,"href":"https:\/\/asso-annepierjean.fr\/index.php?rest_route=%2Fwp%2Fv2%2Ftags&post=2144"}],"curies":[{"name":"wp","href":"https:\/\/api.w.org\/{rel}","templated":true}]}}