{"id":1911,"date":"2019-07-28T15:13:59","date_gmt":"2019-07-28T13:13:59","guid":{"rendered":"http:\/\/asso-annepierjean.fr\/?p=1911"},"modified":"2019-08-31T17:35:58","modified_gmt":"2019-08-31T15:35:58","slug":"edito-de-juillet-2019","status":"publish","type":"post","link":"https:\/\/asso-annepierjean.fr\/?p=1911","title":{"rendered":"Edito de juillet 2019"},"content":{"rendered":"<h5><span style=\"color: #0000ff;\"><strong>L&rsquo;Edito d&rsquo;Anne<\/strong><\/span><\/h5>\n<p><span style=\"color: #ff0000;\"><strong>Juin ou Juillet, je ne compte plus<\/strong><\/span><\/p>\n<p><span style=\"color: #0000ff;\">L\u2019\u00e9t\u00e9 s\u2019empare de nous en en force.<\/span><br \/>\n<span style=\"color: #0000ff;\">Les volets clos, l\u2019\u00e9t\u00e9 nous concentre aussi s\u00fbrement que le grand froid de l\u2019hiver. Et le bonheur frais n\u2019est dans le pr\u00e9 que le matin t\u00f4t, au pied du magnolia qui d\u00e9ploie de larges coupes de parfum\u2026<\/span><br \/>\n<span style=\"color: #0000ff;\">Un autre bonheur est le soir au retour des grillons, leur chant s\u00e9quenc\u00e9 me restaure et me r\u00e9g\u00e9n\u00e8re\u2026 ils avaient disparu durant quelques ann\u00e9es et mon \u00e9motion de les retrouver me fait prendre mille pr\u00e9cautions, surtout ne pas les d\u00e9courager, qu\u2019ils veuillent bien s\u2019installer comme autrefois, m\u2019accueillir et m\u2019accompagner, comme au temps de mon enfance, dans le noir intense du jardin du soir..<\/span><\/p>\n<p><span style=\"color: #0000ff;\">Le jardin est un po\u00e8me qui d\u00e9ploie ses rimes chaque jour\u2026 rimes libres en volutes, en pousses menues ou en efflorescences vivaces, en puissances aussi, comme les longues arabesques de la glycine sur mon balcon ou des bignones qui envahissent d\u00e8s que j\u2019ai le regard tourn\u00e9, rapides comme l\u2019\u00e9clair\u00a0!<\/span><br \/>\n<span style=\"color: #0000ff;\">Que j\u2019aime ce trop-plein de vie et ces fulgurances.<\/span><\/p>\n<p><span style=\"color: #0000ff;\">L\u2019association v\u00e9g\u00e8te, le travail de fond s\u2019\u00e9tire, le reste est en jach\u00e8re\u2026 sans doute pour mieux trouver comment s\u2019exprimer ensuite, comment lib\u00e9rer les mots que le temps pourrait effacer comme les traces sur le sable, \u00e0 chaque lamp\u00e9e de vague.<\/span><\/p>\n<p><span style=\"color: #0000ff;\">Inscrits sur le papier ils pourraient pourtant s\u2019effacer\u00a0aussi, les mots d\u2019Anne Pierjean, pilonn\u00e9s par les modes, les renouvellements incessants, l\u2019inflation des \u00e9crits.<\/span><\/p>\n<p><span style=\"color: #0000ff;\">J\u2019ai foi en leur force et leur p\u00e9rennit\u00e9.<\/span><br \/>\n<span style=\"color: #0000ff;\">Des tapuscrits s\u2019avancent dans leurs derni\u00e8res corrections pour \u00eatre offerts \u00e0 lire, comme en habits de f\u00eate, contemporains dans leur pr\u00eat-\u00e0-imprimer (comme on dirait pr\u00eat-\u00e0-porter).<\/span><\/p>\n<p><span style=\"color: #0000ff;\">Merci \u00e0 Alain Nesme qui s\u2019est consacr\u00e9 \u00e0 cette pr\u00e9paration minutieuse de la prochaine \u00ab\u00a0collection\u00a0\u00bb\u00a0! : \u00ab\u00a0Anne des collines\u00a0\u00bb a \u00e9t\u00e9 restaur\u00e9 et \u00ab\u00a0Une enfance cont\u00e9e\u00a0\u00bb est sur son \u00ab m\u00e9tier \u00bb \u2026 C\u2019est un travail minutieux comme celui d\u2019un lissier, les fils entre-crois\u00e9s sont parfois \u00e0 resserrer d\u2019un espace, ou d\u2019une ponctuation \u00ab justifi\u00e9e \u00bb \u2026<\/span><br \/>\n<span style=\"color: #0000ff;\">Dans le jeu de navette de ce travail des yeux, o\u00f9 la lecture exige la connaissance de l\u2019auteur et o\u00f9 se m\u00eale comp\u00e9tences typographiques et informatiques, se glissent des \u00e9motions chaque fois renouvel\u00e9es<\/span>. <span style=\"color: #0000ff;\">Elles s\u2019engouffrent ou s\u2019amplifient, se retrouvent ou apparaissent, surprenantes, subjugantes parfois\u2026 <\/span><\/p>\n<p><span style=\"color: #0000ff;\">A chaque re-lecture, j\u2019ai eu des chocs, des surprises ou des r\u00e9v\u00e9lations et les re-lectures crois\u00e9es nous enrichissent. Il m\u2019arrive de penser que \u00ab\u00a0je n\u2019avais pas encore entendu \u00e7a comme \u00e7a\u00a0\u00bb. Magie de l\u2019\u00e9criture laiss\u00e9e et de l\u2019\u00e9change autour.<\/span><\/p>\n<p><span style=\"color: #0000ff;\">\u00ab\u00a0Nous ne repasserons pas par l\u00e0\u00a0\u00bb, disait Paul\u2026 On ne repasse jamais, en effet, par le m\u00eame chemin, m\u00eame s\u2019il est familier, connu, pr\u00e9visible et que les pas s\u2019y engagent sans penser\u2026 des r\u00e9sonances s\u2019\u00e9veillent \u00e0 la m\u00eame lecture, nouvelles \u00e0 chaque \u00e2ge, \u00e0 chaque moment, unique et sans retour, \u00e0 chaque s\u00e9quence de notre existence qui nous fait entrevoir d\u2019autres angles de vue ou nous r\u00e9v\u00e8le d\u2019un coup un d\u00e9tail \u00ab\u00a0in-su\u00a0\u00bb.<\/span><\/p>\n<p><span style=\"color: #0000ff;\">Au-del\u00e0, Merci \u00e0 tous ceux qui laissent en partage des mots \u00e9crits, Merci \u00e0 cet \u00e9lan de vie qu\u2019ils tendent \u00e0 pleine voix, et \u00e0 ces surprises qui nous attendent \u00e0 chaque croisement d\u2019une \u0153uvre, qu\u2019elle soit de mots, de notes, de gestes, de couleurs ou de formes.<\/span><\/p>\n<p><span style=\"color: #0000ff;\">c&rsquo;est la p\u00e9riode des festivals et ces passeurs l\u00e0 foisonnent\u00a0 su<\/span><span style=\"color: #0000ff;\">rprenantes, subjugantes parfois &#8230;<\/span><\/p>\n","protected":false},"excerpt":{"rendered":"<p>L&rsquo;Edito d&rsquo;Anne Juin ou Juillet, je ne compte plus L\u2019\u00e9t\u00e9 s\u2019empare de nous en en force. Les volets clos, l\u2019\u00e9t\u00e9 nous concentre aussi s\u00fbrement que le grand froid de l\u2019hiver. Et le bonheur frais n\u2019est dans le pr\u00e9 que le matin t\u00f4t, au pied du magnolia qui d\u00e9ploie de larges coupes de parfum\u2026 Un autre &hellip; <a href=\"https:\/\/asso-annepierjean.fr\/?p=1911\" class=\"more-link\">Continuer la lecture de <span class=\"screen-reader-text\">Edito de juillet 2019<\/span>  <span class=\"meta-nav\">&rarr;<\/span><\/a><\/p>\n","protected":false},"author":1,"featured_media":0,"comment_status":"closed","ping_status":"closed","sticky":false,"template":"","format":"standard","meta":{"footnotes":""},"categories":[12],"tags":[],"_links":{"self":[{"href":"https:\/\/asso-annepierjean.fr\/index.php?rest_route=\/wp\/v2\/posts\/1911"}],"collection":[{"href":"https:\/\/asso-annepierjean.fr\/index.php?rest_route=\/wp\/v2\/posts"}],"about":[{"href":"https:\/\/asso-annepierjean.fr\/index.php?rest_route=\/wp\/v2\/types\/post"}],"author":[{"embeddable":true,"href":"https:\/\/asso-annepierjean.fr\/index.php?rest_route=\/wp\/v2\/users\/1"}],"replies":[{"embeddable":true,"href":"https:\/\/asso-annepierjean.fr\/index.php?rest_route=%2Fwp%2Fv2%2Fcomments&post=1911"}],"version-history":[{"count":6,"href":"https:\/\/asso-annepierjean.fr\/index.php?rest_route=\/wp\/v2\/posts\/1911\/revisions"}],"predecessor-version":[{"id":1963,"href":"https:\/\/asso-annepierjean.fr\/index.php?rest_route=\/wp\/v2\/posts\/1911\/revisions\/1963"}],"wp:attachment":[{"href":"https:\/\/asso-annepierjean.fr\/index.php?rest_route=%2Fwp%2Fv2%2Fmedia&parent=1911"}],"wp:term":[{"taxonomy":"category","embeddable":true,"href":"https:\/\/asso-annepierjean.fr\/index.php?rest_route=%2Fwp%2Fv2%2Fcategories&post=1911"},{"taxonomy":"post_tag","embeddable":true,"href":"https:\/\/asso-annepierjean.fr\/index.php?rest_route=%2Fwp%2Fv2%2Ftags&post=1911"}],"curies":[{"name":"wp","href":"https:\/\/api.w.org\/{rel}","templated":true}]}}