{"id":1867,"date":"2019-04-19T16:28:16","date_gmt":"2019-04-19T14:28:16","guid":{"rendered":"http:\/\/asso-annepierjean.fr\/?p=1867"},"modified":"2019-04-19T16:31:04","modified_gmt":"2019-04-19T14:31:04","slug":"edito-de-avril-2019","status":"publish","type":"post","link":"https:\/\/asso-annepierjean.fr\/?p=1867","title":{"rendered":"Edito de Avril 2019"},"content":{"rendered":"<h5><strong><span style=\"color: #0000ff;\">L&rsquo;Edito d&rsquo;Anne<\/span><\/strong><\/h5>\n<p>&nbsp;<\/p>\n<h5><span style=\"color: #ff6600;\">Avril<\/span><\/h5>\n<p><span style=\"color: #0000ff;\">Pas d\u2019Edito, pas de mots, pas de textes ajout\u00e9s au site depuis f\u00e9vrier\u2026 que se passe-t-il ?<\/span><\/p>\n<p><span style=\"color: #0000ff;\">Seulement le printemps, la vie, l\u2019humeur vagabonde, l\u00e9g\u00e8re et nonchalante, les floraisons multiples, \u00ab\u00a0\u00e9merveillantes\u00a0\u00bb, l\u2019oubli de la discipline\u2026 et aussi un \u00ab travail \u00bb qui s\u2019accomplit en sourdine et s\u2019inscrit en filigrane, quasi invisible : des textes \u00e0 lire et relire, \u00e0 m\u00fbrir, \u00e0 feuilleter, d\u00e9couvrir et red\u00e9couvrir, des documents \u00e0 classer, une exp\u00e9rience \u00e0 penser, celle de l\u2019association, son pas \u00e0 pas, vers o\u00f9 &#8230; ?, le film \u00e0 terminer\u2026<\/span><\/p>\n<p><span style=\"color: #0000ff;\">Dans toutes ces n\u00e9cessit\u00e9s, je privil\u00e9gie la rencontre\u2026 et la Rencontre, \u00e7a prend du temps !<\/span><\/p>\n<p><span style=\"color: #0000ff;\">Le film,<strong> MEMOIRES VIVES EN DR\u00d4ME DES COLLINES<\/strong>, sera projet\u00e9 \u00e0 <strong>St Avit le 18 mai \u00e0 18 H<\/strong>, \u00e0 la Biblioth\u00e8que Anne Pierjean-Robert.<\/span><\/p>\n<p><span style=\"color: #0000ff;\">Film\u00e9 en mars 2018, entre documentaire et r\u00e9cits de vie, il s\u2019inscrit simplement dans cette ligne de m\u00e9moire, tendue comme un fil (t\u00e9nu, fragile et puissant) du pass\u00e9 jusque vers nous et au-del\u00e0, sur lequel on marche peut-\u00eatre, comme des funambules, sans s\u2019en rendre compte\u2026<\/span><\/p>\n<p><span style=\"color: #0000ff;\">Il est fait d\u2019une rencontre o\u00f9 les histoires se sont partag\u00e9es et fondues. D\u2019anecdotes en menus faits, \u00e7a ricochait d\u2019une m\u00e9moire \u00e0 une autre et chacun savait ce dont l\u2019autre parlait\u2026<br \/>\n<\/span><span style=\"color: #0000ff;\">Et c\u2019\u00e9tait comme si, spontan\u00e9ment, ne restait que la bonne humeur.<\/span><\/p>\n<p><span style=\"color: #0000ff;\">Qu\u2019y saisit-on ?<br \/>\n<\/span><span style=\"color: #0000ff;\">Que sait-on de cette musique du temps qui souffle entre les \u00eatres, les fait parler, par moments, m\u00eame langage, l\u2019un finissant la phrase de l\u2019autre\u2026 ?<br \/>\n<\/span><span style=\"color: #0000ff;\">Que garde-t-on de ces mouvements d\u2019\u00eatre solidement engrang\u00e9s, \u00e9gren\u00e9s, partag\u00e9s, associ\u00e9s, reconnus\u2026 ? de ces fragments de vie qui ne s\u2019\u00e9parpillent pas mais se retrouvent\u2026 ?<\/span><\/p>\n<p><span style=\"color: #0000ff;\">Pour monter le film, on a d\u00fb couper le tumulte des voix superpos\u00e9es, crois\u00e9es, emm\u00eal\u00e9es, rebondissant joyeusement aux m\u00eames \u00e9vocations et souvenirs, on a d\u00fb r\u00e9duire ce qui aurait emp\u00each\u00e9 la compr\u00e9hension \u2026 pourtant, le plus beau, peut-\u00eatre, le plus touchant, et le plus myst\u00e9rieux aussi, a \u00e9t\u00e9 ce brouhaha spontan\u00e9 ! Tous ont imm\u00e9diatement oubli\u00e9 cam\u00e9ras et micros pour se lancer dans les souvenirs, s\u2019immerger, se retrouver dans l\u2019\u00e9vocation de ce temps et de cette terre \u2026<br \/>\n<\/span><span style=\"color: #0000ff;\">car c\u2019est de la terre dont on a parl\u00e9, et des animaux et des hommes, dessus, dedans \u2026 la terre, fond d\u2019identit\u00e9 et d\u2019appartenance\u2026 ses senteurs et ses clameurs, ses respirations, ses mots, ses rites, ses codes, sa pratique, ses savoirs, ses exigences et ses puissances.<\/span><\/p>\n<p><span style=\"color: #0000ff;\">Au fil de ces derni\u00e8res ann\u00e9es, de rencontres en rencontres, \u00e0 l\u2019occasion des lectures faites et de mes passages dans le village de St Avit, saisir ces t\u00e9moignages d\u2019un temps, \u00e0 la fois proche et tr\u00e8s lointain, d\u2019avant 1950, s\u2019est impos\u00e9\u2026<\/span><\/p>\n<p><span style=\"color: #0000ff;\">Comme s\u2019impose de le pr\u00e9senter d\u2019abord au pays d\u2019o\u00f9 il vient.<\/span><\/p>\n<p><span style=\"color: #0000ff;\"> + + + + + +<\/span><\/p>\n<p><span style=\"color: #0000ff;\"><strong>l&rsquo;actualit\u00e9<\/strong> c&rsquo;est aussi une participation \u00e0 la formation des animateurs de centres d&rsquo;accueil d&rsquo;enfants, le 15 avril au Lyc\u00e9e Montplaisir \u00e0 Valence.<\/span><\/p>\n<p><span style=\"color: #0000ff;\">Occasion de partager, r\u00e9fl\u00e9chir ensemble autour de comment <strong>encourager le go\u00fbt de la lecture chez l&rsquo;enfant<\/strong>. J&rsquo;y apporterai les r\u00e9flexions d&rsquo;Anne Pierjean sur sa conception de l&rsquo;\u00e9criture pour et avec les enfants. Elle a laiss\u00e9 de nombreux articles ett\u00e9moignages \u00e0 ce sujet.<\/span><\/p>\n<p><span style=\"color: #0000ff;\">Elle disait ne pas pouvoir \u00e9crire sans la rencontre avec les enfants.<\/span><\/p>\n<p><span style=\"color: #0000ff;\">A bient\u00f4t!<\/span><\/p>\n<p><span style=\"color: #0000ff;\">Anne G<\/span><\/p>\n<h2 style=\"text-align: center;\"><span style=\"color: #0000ff;\"> * * * * * * * * * * * * * * *<\/span><\/h2>\n","protected":false},"excerpt":{"rendered":"<p>L&rsquo;Edito d&rsquo;Anne &nbsp; Avril Pas d\u2019Edito, pas de mots, pas de textes ajout\u00e9s au site depuis f\u00e9vrier\u2026 que se passe-t-il ? Seulement le printemps, la vie, l\u2019humeur vagabonde, l\u00e9g\u00e8re et nonchalante, les floraisons multiples, \u00ab\u00a0\u00e9merveillantes\u00a0\u00bb, l\u2019oubli de la discipline\u2026 et aussi un \u00ab travail \u00bb qui s\u2019accomplit en sourdine et s\u2019inscrit en filigrane, quasi invisible &hellip; <a href=\"https:\/\/asso-annepierjean.fr\/?p=1867\" class=\"more-link\">Continuer la lecture de <span class=\"screen-reader-text\">Edito de Avril 2019<\/span>  <span class=\"meta-nav\">&rarr;<\/span><\/a><\/p>\n","protected":false},"author":1,"featured_media":0,"comment_status":"closed","ping_status":"closed","sticky":false,"template":"","format":"standard","meta":{"footnotes":""},"categories":[12],"tags":[],"_links":{"self":[{"href":"https:\/\/asso-annepierjean.fr\/index.php?rest_route=\/wp\/v2\/posts\/1867"}],"collection":[{"href":"https:\/\/asso-annepierjean.fr\/index.php?rest_route=\/wp\/v2\/posts"}],"about":[{"href":"https:\/\/asso-annepierjean.fr\/index.php?rest_route=\/wp\/v2\/types\/post"}],"author":[{"embeddable":true,"href":"https:\/\/asso-annepierjean.fr\/index.php?rest_route=\/wp\/v2\/users\/1"}],"replies":[{"embeddable":true,"href":"https:\/\/asso-annepierjean.fr\/index.php?rest_route=%2Fwp%2Fv2%2Fcomments&post=1867"}],"version-history":[{"count":2,"href":"https:\/\/asso-annepierjean.fr\/index.php?rest_route=\/wp\/v2\/posts\/1867\/revisions"}],"predecessor-version":[{"id":1869,"href":"https:\/\/asso-annepierjean.fr\/index.php?rest_route=\/wp\/v2\/posts\/1867\/revisions\/1869"}],"wp:attachment":[{"href":"https:\/\/asso-annepierjean.fr\/index.php?rest_route=%2Fwp%2Fv2%2Fmedia&parent=1867"}],"wp:term":[{"taxonomy":"category","embeddable":true,"href":"https:\/\/asso-annepierjean.fr\/index.php?rest_route=%2Fwp%2Fv2%2Fcategories&post=1867"},{"taxonomy":"post_tag","embeddable":true,"href":"https:\/\/asso-annepierjean.fr\/index.php?rest_route=%2Fwp%2Fv2%2Ftags&post=1867"}],"curies":[{"name":"wp","href":"https:\/\/api.w.org\/{rel}","templated":true}]}}